{"id":2090,"date":"2015-08-19T20:08:01","date_gmt":"2015-08-19T20:08:01","guid":{"rendered":"http:\/\/bazarsolidario.org.mx\/?p=2090"},"modified":"2024-10-16T07:45:34","modified_gmt":"2024-10-16T14:45:34","slug":"seguridad-publica-dona-triciclo-a-bazar-solidario","status":"publish","type":"post","link":"https:\/\/www.bazarsolidario.org.mx\/en\/seguridad-publica-dona-triciclo-a-bazar-solidario","title":{"rendered":"Seguridad P\u00fablica dona triciclo a Bazar Solidario"},"content":{"rendered":"<p>Nuestro m\u00e1s grande agradecimiento a Seguridad P\u00fablica por el donativo de un triciclo otorgado a Bazar, el cual ser\u00e1 utilizado por la comunidad del Campo 29 que esta participando en el programa Ecotrueque&#8230;con esta donaci\u00f3n estaremos beneficiando aproximadamente a 20 familias.<\/p>\n<p>&nbsp;<\/p>\n<p><a href=\"http:\/\/bazarsolidario.org.mx\/wp-content\/uploads\/2015\/08\/Seg-P\u00fablica.jpg\"><img loading=\"lazy\" decoding=\"async\" class=\"aligncenter size-large wp-image-2091\" alt=\"Seg P\u00fablica\" src=\"http:\/\/bazarsolidario.org.mx\/wp-content\/uploads\/2015\/08\/Seg-P\u00fablica-563x1024.jpg\" width=\"563\" height=\"1024\" \/><\/a><\/p>\n","protected":false},"excerpt":{"rendered":"<p>Nuestro m\u00e1s grande agradecimiento a Seguridad P\u00fablica por el donativo de un triciclo otorgado a Bazar, el cual ser\u00e1 utilizado por la comunidad del Campo 29 que esta participando en el programa Ecotrueque&#8230;con esta donaci\u00f3n estaremos beneficiando aproximadamente a 20 familias. &nbsp;<\/p>\n","protected":false},"author":2,"featured_media":0,"comment_status":"closed","ping_status":"closed","sticky":false,"template":"","format":"standard","meta":{"footnotes":""},"categories":[2],"tags":[],"class_list":["post-2090","post","type-post","status-publish","format-standard","hentry","category-noticias","category-2","description-off"],"_links":{"self":[{"href":"https:\/\/www.bazarsolidario.org.mx\/en\/wp-json\/wp\/v2\/posts\/2090"}],"collection":[{"href":"https:\/\/www.bazarsolidario.org.mx\/en\/wp-json\/wp\/v2\/posts"}],"about":[{"href":"https:\/\/www.bazarsolidario.org.mx\/en\/wp-json\/wp\/v2\/types\/post"}],"author":[{"embeddable":true,"href":"https:\/\/www.bazarsolidario.org.mx\/en\/wp-json\/wp\/v2\/users\/2"}],"replies":[{"embeddable":true,"href":"https:\/\/www.bazarsolidario.org.mx\/en\/wp-json\/wp\/v2\/comments?post=2090"}],"version-history":[{"count":2,"href":"https:\/\/www.bazarsolidario.org.mx\/en\/wp-json\/wp\/v2\/posts\/2090\/revisions"}],"predecessor-version":[{"id":2545,"href":"https:\/\/www.bazarsolidario.org.mx\/en\/wp-json\/wp\/v2\/posts\/2090\/revisions\/2545"}],"wp:attachment":[{"href":"https:\/\/www.bazarsolidario.org.mx\/en\/wp-json\/wp\/v2\/media?parent=2090"}],"wp:term":[{"taxonomy":"category","embeddable":true,"href":"https:\/\/www.bazarsolidario.org.mx\/en\/wp-json\/wp\/v2\/categories?post=2090"},{"taxonomy":"post_tag","embeddable":true,"href":"https:\/\/www.bazarsolidario.org.mx\/en\/wp-json\/wp\/v2\/tags?post=2090"}],"curies":[{"name":"wp","href":"https:\/\/api.w.org\/{rel}","templated":true}]}}